{"id":7831,"date":"2026-03-11T10:09:54","date_gmt":"2026-03-11T10:09:54","guid":{"rendered":"https:\/\/rallyelallana.com\/?p=7831"},"modified":"2026-03-10T21:13:32","modified_gmt":"2026-03-10T21:13:32","slug":"la-hyundai-i20n-cup-estara-por-primera-vez-en-el-rallye-la-llana","status":"publish","type":"post","link":"https:\/\/rallyelallana.com\/es\/la-hyundai-i20n-cup-estara-por-primera-vez-en-el-rallye-la-llana\/","title":{"rendered":"La Hyundai i20N Cup estar\u00e1 por primera vez en el Rallye La Llana"},"content":{"rendered":"<p>Las comarcas de El Ripoll\u00e8s, el Bergued\u00e0, el Llu\u00e7anes, La Garrotxa y Osona (Girona) contar\u00e1n en en este 2026 con la presencia de una nueva copa oficial, porque Hyundai ha decidido apostar por el Rallye La Llana y su i20N Cup viajar\u00e1 hasta la primera prueba del Campeonato de Espa\u00f1a de Rallyes de Asfalto &#8211; Recalvi.&nbsp;<\/p>\n\n\n\n<p>Hyundai se suma as\u00ed con su copa oficial a una prueba que no ha parado de crecer en los \u00faltimos a\u00f1os y que en este 2026 contar\u00e1 tambi\u00e9n con la presencia de las competiciones del Renault Group Espa\u00f1a: Sandero Eco Cup y Cl\u00edo Trophy Spain.<\/p>\n\n\n\n<p>Esta i20 N Cup es una de las competiciones monomarca que m\u00e1s ha crecido en los \u00faltimos a\u00f1os y muchos son los pilotos que apuestan por ella para seguir creciendo dentro de los rallyes y es por eso mismo por lo que han elegido La Llana como cita puntuable. Los j\u00f3venes pilotos y copilotos de la Hyundai se enfrentar\u00e1n en este 2026 a los t\u00e9cnicos tramos de la cita inaugural del CERA &#8211; Recalvi y formar\u00e1n parte de una lista de inscritos que se conocer\u00e1 el 3 de abril.<\/p>\n\n\n\n<figure class=\"wp-block-gallery has-nested-images columns-default is-cropped wp-block-gallery-1 is-layout-flex wp-block-gallery-is-layout-flex\">\n<figure class=\"wp-block-image size-full\"><img loading=\"lazy\" decoding=\"async\" width=\"2048\" height=\"1365\" data-id=\"7835\" src=\"https:\/\/rallyelallana.com\/wp-content\/uploads\/2026\/03\/54908358290_cbfccc2bd3_k.jpg\" alt=\"\" class=\"wp-image-7835\" srcset=\"https:\/\/rallyelallana.com\/wp-content\/uploads\/2026\/03\/54908358290_cbfccc2bd3_k.jpg 2048w, https:\/\/rallyelallana.com\/wp-content\/uploads\/2026\/03\/54908358290_cbfccc2bd3_k-300x200.jpg 300w, https:\/\/rallyelallana.com\/wp-content\/uploads\/2026\/03\/54908358290_cbfccc2bd3_k-1024x683.jpg 1024w, https:\/\/rallyelallana.com\/wp-content\/uploads\/2026\/03\/54908358290_cbfccc2bd3_k-768x512.jpg 768w, https:\/\/rallyelallana.com\/wp-content\/uploads\/2026\/03\/54908358290_cbfccc2bd3_k-1536x1024.jpg 1536w, https:\/\/rallyelallana.com\/wp-content\/uploads\/2026\/03\/54908358290_cbfccc2bd3_k-18x12.jpg 18w\" sizes=\"auto, (max-width: 2048px) 100vw, 2048px\" \/><\/figure>\n\n\n\n<figure class=\"wp-block-image size-full\"><img loading=\"lazy\" decoding=\"async\" width=\"2048\" height=\"1365\" data-id=\"7834\" src=\"https:\/\/rallyelallana.com\/wp-content\/uploads\/2026\/03\/54908311828_28f42425b3_k.jpg\" alt=\"\" class=\"wp-image-7834\" srcset=\"https:\/\/rallyelallana.com\/wp-content\/uploads\/2026\/03\/54908311828_28f42425b3_k.jpg 2048w, https:\/\/rallyelallana.com\/wp-content\/uploads\/2026\/03\/54908311828_28f42425b3_k-300x200.jpg 300w, https:\/\/rallyelallana.com\/wp-content\/uploads\/2026\/03\/54908311828_28f42425b3_k-1024x683.jpg 1024w, https:\/\/rallyelallana.com\/wp-content\/uploads\/2026\/03\/54908311828_28f42425b3_k-768x512.jpg 768w, https:\/\/rallyelallana.com\/wp-content\/uploads\/2026\/03\/54908311828_28f42425b3_k-1536x1024.jpg 1536w, https:\/\/rallyelallana.com\/wp-content\/uploads\/2026\/03\/54908311828_28f42425b3_k-18x12.jpg 18w\" sizes=\"auto, (max-width: 2048px) 100vw, 2048px\" \/><\/figure>\n<\/figure>\n\n\n\n<div data-wp-interactive=\"core\/file\" class=\"wp-block-file\"><object data-wp-bind--hidden=\"!state.hasPdfPreview\" hidden class=\"wp-block-file__embed\" data=\"https:\/\/rallyelallana.com\/wp-content\/uploads\/2026\/03\/La-Hyundai-i20N-Cup-estara-por-primera-vez-en-el-Rallye-La-Llana.docx.pdf\" type=\"application\/pdf\" style=\"width:100%;height:600px\" aria-label=\"Incrustado de La Hyundai i20N Cup estar\u00e1 por primera vez en el Rallye La Llana.docx.\"><\/object><a id=\"wp-block-file--media-4dda0a45-0bed-4e72-9d98-09ff3bc98aec\" href=\"https:\/\/rallyelallana.com\/wp-content\/uploads\/2026\/03\/La-Hyundai-i20N-Cup-estara-por-primera-vez-en-el-Rallye-La-Llana.docx.pdf\">La Hyundai i20N Cup estar\u00e1 por primera vez en el Rallye La Llana.docx<\/a><a href=\"https:\/\/rallyelallana.com\/wp-content\/uploads\/2026\/03\/La-Hyundai-i20N-Cup-estara-por-primera-vez-en-el-Rallye-La-Llana.docx.pdf\" class=\"wp-block-file__button wp-element-button\" download aria-describedby=\"wp-block-file--media-4dda0a45-0bed-4e72-9d98-09ff3bc98aec\">Descarga<\/a><\/div>\n\n\n\n<p><\/p>","protected":false},"excerpt":{"rendered":"<p>Las comarcas de El Ripoll\u00e8s, el Bergued\u00e0, el Llu\u00e7anes, La Garrotxa y Osona (Girona) contar\u00e1n en en este 2026 con la presencia de una nueva copa oficial, porque Hyundai ha decidido apostar por el Rallye La Llana y su i20N Cup viajar\u00e1 hasta la primera prueba del Campeonato de Espa\u00f1a de Rallyes de Asfalto &#8211; [&hellip;]<\/p>\n","protected":false},"author":3,"featured_media":7836,"comment_status":"closed","ping_status":"closed","sticky":false,"template":"","format":"standard","meta":{"_themeisle_gutenberg_block_has_review":false,"footnotes":""},"categories":[12],"tags":[],"class_list":["post-7831","post","type-post","status-publish","format-standard","has-post-thumbnail","hentry","category-12"],"featured_image_src":"https:\/\/rallyelallana.com\/wp-content\/uploads\/2026\/03\/54905575498_03ec08487a_k.jpg","author_info":{"display_name":"prensa","author_link":"https:\/\/rallyelallana.com\/es\/author\/prensa\/"},"_links":{"self":[{"href":"https:\/\/rallyelallana.com\/es\/wp-json\/wp\/v2\/posts\/7831","targetHints":{"allow":["GET"]}}],"collection":[{"href":"https:\/\/rallyelallana.com\/es\/wp-json\/wp\/v2\/posts"}],"about":[{"href":"https:\/\/rallyelallana.com\/es\/wp-json\/wp\/v2\/types\/post"}],"author":[{"embeddable":true,"href":"https:\/\/rallyelallana.com\/es\/wp-json\/wp\/v2\/users\/3"}],"replies":[{"embeddable":true,"href":"https:\/\/rallyelallana.com\/es\/wp-json\/wp\/v2\/comments?post=7831"}],"version-history":[{"count":2,"href":"https:\/\/rallyelallana.com\/es\/wp-json\/wp\/v2\/posts\/7831\/revisions"}],"predecessor-version":[{"id":7837,"href":"https:\/\/rallyelallana.com\/es\/wp-json\/wp\/v2\/posts\/7831\/revisions\/7837"}],"wp:featuredmedia":[{"embeddable":true,"href":"https:\/\/rallyelallana.com\/es\/wp-json\/wp\/v2\/media\/7836"}],"wp:attachment":[{"href":"https:\/\/rallyelallana.com\/es\/wp-json\/wp\/v2\/media?parent=7831"}],"wp:term":[{"taxonomy":"category","embeddable":true,"href":"https:\/\/rallyelallana.com\/es\/wp-json\/wp\/v2\/categories?post=7831"},{"taxonomy":"post_tag","embeddable":true,"href":"https:\/\/rallyelallana.com\/es\/wp-json\/wp\/v2\/tags?post=7831"}],"curies":[{"name":"wp","href":"https:\/\/api.w.org\/{rel}","templated":true}]}}