{"id":7824,"date":"2026-03-08T21:08:02","date_gmt":"2026-03-08T21:08:02","guid":{"rendered":"https:\/\/rallyelallana.com\/?p=7824"},"modified":"2026-03-10T21:09:47","modified_gmt":"2026-03-10T21:09:47","slug":"renault-group-espana-sigue-eligiendo-el-rallye-la-llana-para-sus-campeonatos","status":"publish","type":"post","link":"https:\/\/rallyelallana.com\/es\/renault-group-espana-sigue-eligiendo-el-rallye-la-llana-para-sus-campeonatos\/","title":{"rendered":"Renault Group Espa\u00f1a sigue eligiendo el Rallye La Llana para sus campeonatos"},"content":{"rendered":"<p>Poco m\u00e1s de un mes queda para que arranque el Rallye La Llana, cita inaugural del <strong>Campeonato de Espa\u00f1a de Rallyes de Asfalto &#8211; Recalvi<\/strong>. Una prueba que en este a\u00f1o 2026 celebra su vigesimos\u00e9ptima edici\u00f3n y volver\u00e1 a ser protagonista importante para el Renault Group Espa\u00f1a.<\/p>\n\n\n\n<p>Tras elegir en el pasado 2025 La Llana como prueba puntuable para la <strong>Sandero Eco Cup y el Clio Trophy Spain, <\/strong>en este 2026 ambas copas volver\u00e1n a estar presentes en la cita catalana del CERA. Los Renault Clio tendr\u00e1n los t\u00e9cnicos tramos de las comarcas de El Ripoll\u00e8s, el Bergued\u00e0, el Llu\u00e7anes, La Garrotxa y Osona como su segunda prueba de fuego tras La Nuc\u00eda, mientras que para su hermana peque\u00f1a, la Sandero Eco Cup, esta ser\u00e1 la primera prueba de un calendario que pasa a ser mixto.<\/p>\n\n\n\n<p>Markel de Zabaleta, jefe de prensa de Dacia y responsable de competici\u00f3n: \u201cM\u00e1s competici\u00f3n que nunca en el Rallye La Llana por parte de Renault Group Espa\u00f1a. Estaremos presentes con nuestras marcas Alpine, Renault y Dacia. Llevaremos nuestras dos copas: Clio Trophy Spain Asfalto y Sandero Eco Cup Spain, que es mixto. Tambi\u00e9n estaremos con nuestro equipo oficial Alpine Recalvi Team que ya gan\u00f3 el a\u00f1o pasado\u201d.<\/p>\n\n\n\n<figure class=\"wp-block-gallery has-nested-images columns-default is-cropped wp-block-gallery-1 is-layout-flex wp-block-gallery-is-layout-flex\">\n<figure class=\"wp-block-image size-full\"><img loading=\"lazy\" decoding=\"async\" width=\"799\" height=\"533\" data-id=\"7827\" src=\"https:\/\/rallyelallana.com\/wp-content\/uploads\/2026\/03\/54416517920_499fa04809_c.jpg\" alt=\"\" class=\"wp-image-7827\" srcset=\"https:\/\/rallyelallana.com\/wp-content\/uploads\/2026\/03\/54416517920_499fa04809_c.jpg 799w, https:\/\/rallyelallana.com\/wp-content\/uploads\/2026\/03\/54416517920_499fa04809_c-300x200.jpg 300w, https:\/\/rallyelallana.com\/wp-content\/uploads\/2026\/03\/54416517920_499fa04809_c-768x512.jpg 768w, https:\/\/rallyelallana.com\/wp-content\/uploads\/2026\/03\/54416517920_499fa04809_c-18x12.jpg 18w\" sizes=\"auto, (max-width: 799px) 100vw, 799px\" \/><\/figure>\n\n\n\n<figure class=\"wp-block-image size-full\"><img loading=\"lazy\" decoding=\"async\" width=\"799\" height=\"533\" data-id=\"7826\" src=\"https:\/\/rallyelallana.com\/wp-content\/uploads\/2026\/03\/54416517910_4480ee58fc_c.jpg\" alt=\"\" class=\"wp-image-7826\" srcset=\"https:\/\/rallyelallana.com\/wp-content\/uploads\/2026\/03\/54416517910_4480ee58fc_c.jpg 799w, https:\/\/rallyelallana.com\/wp-content\/uploads\/2026\/03\/54416517910_4480ee58fc_c-300x200.jpg 300w, https:\/\/rallyelallana.com\/wp-content\/uploads\/2026\/03\/54416517910_4480ee58fc_c-768x512.jpg 768w, https:\/\/rallyelallana.com\/wp-content\/uploads\/2026\/03\/54416517910_4480ee58fc_c-18x12.jpg 18w\" sizes=\"auto, (max-width: 799px) 100vw, 799px\" \/><\/figure>\n<\/figure>\n\n\n\n<div data-wp-interactive=\"core\/file\" class=\"wp-block-file\"><object data-wp-bind--hidden=\"!state.hasPdfPreview\" hidden class=\"wp-block-file__embed\" data=\"https:\/\/rallyelallana.com\/wp-content\/uploads\/2026\/03\/Renault-Group-Espana-sigue-eligiendo-el-Rallye-La-Llana-para-sus-campeonatos.docx.pdf\" type=\"application\/pdf\" style=\"width:100%;height:600px\" aria-label=\"Incrustado de Renault Group Espa\u00f1a sigue eligiendo el Rallye La Llana para sus campeonatos.docx.\"><\/object><a id=\"wp-block-file--media-6b5f9fc9-1ae5-4739-b79c-19a906b7e506\" href=\"https:\/\/rallyelallana.com\/wp-content\/uploads\/2026\/03\/Renault-Group-Espana-sigue-eligiendo-el-Rallye-La-Llana-para-sus-campeonatos.docx.pdf\">Renault Group Espa\u00f1a sigue eligiendo el Rallye La Llana para sus campeonatos.docx<\/a><a href=\"https:\/\/rallyelallana.com\/wp-content\/uploads\/2026\/03\/Renault-Group-Espana-sigue-eligiendo-el-Rallye-La-Llana-para-sus-campeonatos.docx.pdf\" class=\"wp-block-file__button wp-element-button\" download aria-describedby=\"wp-block-file--media-6b5f9fc9-1ae5-4739-b79c-19a906b7e506\">Descarga<\/a><\/div>\n\n\n\n<p><\/p>","protected":false},"excerpt":{"rendered":"<p>Poco m\u00e1s de un mes queda para que arranque el Rallye La Llana, cita inaugural del Campeonato de Espa\u00f1a de Rallyes de Asfalto &#8211; Recalvi. Una prueba que en este a\u00f1o 2026 celebra su vigesimos\u00e9ptima edici\u00f3n y volver\u00e1 a ser protagonista importante para el Renault Group Espa\u00f1a. Tras elegir en el pasado 2025 La Llana [&hellip;]<\/p>\n","protected":false},"author":3,"featured_media":7828,"comment_status":"closed","ping_status":"closed","sticky":false,"template":"","format":"standard","meta":{"_themeisle_gutenberg_block_has_review":false,"footnotes":""},"categories":[12],"tags":[],"class_list":["post-7824","post","type-post","status-publish","format-standard","has-post-thumbnail","hentry","category-12"],"featured_image_src":"https:\/\/rallyelallana.com\/wp-content\/uploads\/2026\/03\/54416027960_544108b8c9_c.jpg","author_info":{"display_name":"prensa","author_link":"https:\/\/rallyelallana.com\/es\/author\/prensa\/"},"_links":{"self":[{"href":"https:\/\/rallyelallana.com\/es\/wp-json\/wp\/v2\/posts\/7824","targetHints":{"allow":["GET"]}}],"collection":[{"href":"https:\/\/rallyelallana.com\/es\/wp-json\/wp\/v2\/posts"}],"about":[{"href":"https:\/\/rallyelallana.com\/es\/wp-json\/wp\/v2\/types\/post"}],"author":[{"embeddable":true,"href":"https:\/\/rallyelallana.com\/es\/wp-json\/wp\/v2\/users\/3"}],"replies":[{"embeddable":true,"href":"https:\/\/rallyelallana.com\/es\/wp-json\/wp\/v2\/comments?post=7824"}],"version-history":[{"count":2,"href":"https:\/\/rallyelallana.com\/es\/wp-json\/wp\/v2\/posts\/7824\/revisions"}],"predecessor-version":[{"id":7830,"href":"https:\/\/rallyelallana.com\/es\/wp-json\/wp\/v2\/posts\/7824\/revisions\/7830"}],"wp:featuredmedia":[{"embeddable":true,"href":"https:\/\/rallyelallana.com\/es\/wp-json\/wp\/v2\/media\/7828"}],"wp:attachment":[{"href":"https:\/\/rallyelallana.com\/es\/wp-json\/wp\/v2\/media?parent=7824"}],"wp:term":[{"taxonomy":"category","embeddable":true,"href":"https:\/\/rallyelallana.com\/es\/wp-json\/wp\/v2\/categories?post=7824"},{"taxonomy":"post_tag","embeddable":true,"href":"https:\/\/rallyelallana.com\/es\/wp-json\/wp\/v2\/tags?post=7824"}],"curies":[{"name":"wp","href":"https:\/\/api.w.org\/{rel}","templated":true}]}}