{"id":6459,"date":"2025-03-22T10:29:18","date_gmt":"2025-03-22T10:29:18","guid":{"rendered":"https:\/\/rallyelallana.com\/?p=6459"},"modified":"2025-03-27T10:53:33","modified_gmt":"2025-03-27T10:53:33","slug":"mads-ostberg-encabeza-la-lista-de-inscritos-de-un-rallye-la-llana-con-18-rally2","status":"publish","type":"post","link":"https:\/\/rallyelallana.com\/es\/mads-ostberg-encabeza-la-lista-de-inscritos-de-un-rallye-la-llana-con-18-rally2\/","title":{"rendered":"Mads Ostberg y Jorge Cagiao encabezan la lista de inscritos de un Rallye La Llana con 18 Rally2"},"content":{"rendered":"<p>Ya ha dado comienzo el Campeonato de Espa\u00f1a de Rallyes de Asfalto &#8211; Recalvi con los reconocimientos de La Llana y la cita inaugural del certamen contar\u00e1 finalmente con 107 veh\u00edculos inscritos. Una <strong>gran lista como 18 veh\u00edculos R5\/Rally2<\/strong> y mucho color internacional gracias a la decena de pilotos que fuera de Espa\u00f1a que pelear\u00e1n por la victoria en las complicadas carreteras de las comarcas de El Ripoll\u00e8s, el Bergued\u00e0, el Llu\u00e7anes, La Garrotxa y Osona (Girona).<\/p>\n\n\n\n<p>Esa lista de m\u00e1s de 100 pilotos tiene como principal candidato al triunfo a<strong> Mads Ostberg<\/strong>. El noruego tomar\u00e1 la salida por primera vez en el Rallye La Llana y lo har\u00e1 para preparar su debut en el Campeonato de Europa de Rallyes 2025 con el Citro\u00ebn C3 Rally2. El que fuera piloto oficial de la marca del doble chevr\u00f3n en el WRC ser\u00e1 uno de los claros candidatos a llevarse el triunfo, aunque tendr\u00e1 que hacer frente a otros como <strong>Miko\u0142aj Marczyk, Phillip Allen, Martin L\u00e1szl\u00f3<\/strong>.<\/p>\n\n\n\n<p>Junto a los pilotos for\u00e1neos en esta prueba inaugural del CERA &#8211; Recalvi tambi\u00e9n tendremos a los claros aspirantes al t\u00edtulo de este 2025. El actual campe\u00f3n <strong>Jorge Cagiao<\/strong> tomar\u00e1 la salida con el nuevo Alpine A110 GT+ y en su equipo contar\u00e1 con el multicampe\u00f3n de Espa\u00f1a <strong>Miguel Fuster<\/strong>. Tambi\u00e9n <strong>Alberto Ord\u00f3\u00f1ez<\/strong>, piloto oficial de Citro\u00ebn en el certamen, <strong>Enrique Cruz<\/strong>, con el Toyota GR Yaris Rally2, o <strong>Daniel Berdom\u00e1s,<\/strong> con el apoyo de Hyundai Espa\u00f1a, ser\u00e1n los nombres a tener muy en cuenta.<\/p>\n\n\n\n<p>Tambi\u00e9n es muy importante para la prueba organizada por el Motor Club Sabadell contar con la presencia de los pilotos del <strong>Campeonato de Catalu\u00f1a <\/strong>y finalmente<strong> ser\u00e1n 76 los veh\u00edculos<\/strong> que estar\u00e1n peleando con la victoria. Algunos de los que han apostado por disputar el triunfo en la llana son los conocid\u00edsimos Xavi Vidales, Albert Orriols, Toni Forn\u00e9 o Xavi Domenech.<\/p>\n\n\n\n<p><strong><a href=\"https:\/\/app.nobo.events\/storage\/events\/01JGDZN3B101WY075NHWWZYPK9\/files\/01JPX18BHEZ7BWJ61FH67XTY2M-lista-oficial-de-inscritos-26-rallye-la-llana.pdf\" data-type=\"link\" data-id=\"https:\/\/app.nobo.events\/storage\/events\/01JGDZN3B101WY075NHWWZYPK9\/files\/01JPX18BHEZ7BWJ61FH67XTY2M-lista-oficial-de-inscritos-26-rallye-la-llana.pdf\">Lista de inscritos.<\/a><\/strong><\/p>\n\n\n\n<p>En total ser\u00e1n <strong>120 kil\u00f3metros cronometrados<\/strong> los que los pilotos recorran a lo largo de los 10 tramos que forman est\u00e1 vigesimosexta edici\u00f3n que ser\u00e1 puntuable para el Campeonato de Espa\u00f1a de Rallyes de Asfalto \u2013 Recalvi y el Campeonato de Catalu\u00f1a de Rallyes. La primera especial cronometrada ser\u00e1 el viernes 28 de marzo y la cita concluir\u00e1 el s\u00e1bado 29 con un tramo espect\u00e1culo en el Circuit d&#8217;Osona.<\/p>\n\n\n\n<div data-wp-interactive=\"core\/file\" class=\"wp-block-file\"><object data-wp-bind--hidden=\"!state.hasPdfPreview\" hidden class=\"wp-block-file__embed\" data=\"https:\/\/rallyelallana.com\/wp-content\/uploads\/2025\/03\/Mads-Ostberg-y-Jorge-Cagiao-encabezan-la-lista-de-inscritos-de-un-Rallye-La-Llana-con-18-Rally2.docx-2.pdf\" type=\"application\/pdf\" style=\"width:100%;height:600px\" aria-label=\"Incrustado de Mads Ostberg y Jorge Cagiao encabezan la lista de inscritos de un Rallye La Llana con 18 Rally2.docx (2).\"><\/object><a id=\"wp-block-file--media-29d98c1a-d40f-47aa-949a-650069fa7561\" href=\"https:\/\/rallyelallana.com\/wp-content\/uploads\/2025\/03\/Mads-Ostberg-y-Jorge-Cagiao-encabezan-la-lista-de-inscritos-de-un-Rallye-La-Llana-con-18-Rally2.docx-2.pdf\">Mads Ostberg y Jorge Cagiao encabezan la lista de inscritos de un Rallye La Llana con 18 Rally2.docx (2)<\/a><a href=\"https:\/\/rallyelallana.com\/wp-content\/uploads\/2025\/03\/Mads-Ostberg-y-Jorge-Cagiao-encabezan-la-lista-de-inscritos-de-un-Rallye-La-Llana-con-18-Rally2.docx-2.pdf\" class=\"wp-block-file__button wp-element-button\" download aria-describedby=\"wp-block-file--media-29d98c1a-d40f-47aa-949a-650069fa7561\">Descarga<\/a><\/div>","protected":false},"excerpt":{"rendered":"<p>Ya ha dado comienzo el Campeonato de Espa\u00f1a de Rallyes de Asfalto &#8211; Recalvi con los reconocimientos de La Llana y la cita inaugural del certamen contar\u00e1 finalmente con 107 veh\u00edculos inscritos. Una gran lista como 18 veh\u00edculos R5\/Rally2 y mucho color internacional gracias a la decena de pilotos que fuera de Espa\u00f1a que pelear\u00e1n [&hellip;]<\/p>\n","protected":false},"author":3,"featured_media":6461,"comment_status":"closed","ping_status":"","sticky":false,"template":"","format":"standard","meta":{"_themeisle_gutenberg_block_has_review":false,"footnotes":""},"categories":[11],"tags":[],"class_list":["post-6459","post","type-post","status-publish","format-standard","has-post-thumbnail","hentry","category-11"],"featured_image_src":"https:\/\/rallyelallana.com\/wp-content\/uploads\/2025\/03\/470589455_18474261748013450_9178007571301989600_n.jpg","author_info":{"display_name":"prensa","author_link":"https:\/\/rallyelallana.com\/es\/author\/prensa\/"},"_links":{"self":[{"href":"https:\/\/rallyelallana.com\/es\/wp-json\/wp\/v2\/posts\/6459","targetHints":{"allow":["GET"]}}],"collection":[{"href":"https:\/\/rallyelallana.com\/es\/wp-json\/wp\/v2\/posts"}],"about":[{"href":"https:\/\/rallyelallana.com\/es\/wp-json\/wp\/v2\/types\/post"}],"author":[{"embeddable":true,"href":"https:\/\/rallyelallana.com\/es\/wp-json\/wp\/v2\/users\/3"}],"replies":[{"embeddable":true,"href":"https:\/\/rallyelallana.com\/es\/wp-json\/wp\/v2\/comments?post=6459"}],"version-history":[{"count":6,"href":"https:\/\/rallyelallana.com\/es\/wp-json\/wp\/v2\/posts\/6459\/revisions"}],"predecessor-version":[{"id":6782,"href":"https:\/\/rallyelallana.com\/es\/wp-json\/wp\/v2\/posts\/6459\/revisions\/6782"}],"wp:featuredmedia":[{"embeddable":true,"href":"https:\/\/rallyelallana.com\/es\/wp-json\/wp\/v2\/media\/6461"}],"wp:attachment":[{"href":"https:\/\/rallyelallana.com\/es\/wp-json\/wp\/v2\/media?parent=6459"}],"wp:term":[{"taxonomy":"category","embeddable":true,"href":"https:\/\/rallyelallana.com\/es\/wp-json\/wp\/v2\/categories?post=6459"},{"taxonomy":"post_tag","embeddable":true,"href":"https:\/\/rallyelallana.com\/es\/wp-json\/wp\/v2\/tags?post=6459"}],"curies":[{"name":"wp","href":"https:\/\/api.w.org\/{rel}","templated":true}]}}