{"id":1342,"date":"2024-01-21T15:44:54","date_gmt":"2024-01-21T15:44:54","guid":{"rendered":"http:\/\/localhost\/rallyelallana\/?p=1342"},"modified":"2024-01-21T15:47:05","modified_gmt":"2024-01-21T15:47:05","slug":"despres-de-24-anys","status":"publish","type":"post","link":"https:\/\/rallyelallana.com\/es\/despres-de-24-anys\/","title":{"rendered":"Despu\u00e9s de 24 a\u00f1os ..."},"content":{"rendered":"<p>Despu\u00e9s de una espera de 24 a\u00f1os, el nacional de rallyes volver\u00e1 a las carreteras catalanas del Ripoll\u00e8s, Bergued\u00e0, Garrotxa y Osona.<\/p>\n\n\n\n<figure class=\"wp-block-image size-full\"><img loading=\"lazy\" decoding=\"async\" width=\"735\" height=\"305\" src=\"http:\/\/localhost\/rallyelallana\/wp-content\/uploads\/2024\/01\/30.jpg\" alt=\"\" class=\"wp-image-1343\" srcset=\"https:\/\/rallyelallana.com\/wp-content\/uploads\/2024\/01\/30.jpg 735w, https:\/\/rallyelallana.com\/wp-content\/uploads\/2024\/01\/30-300x124.jpg 300w, https:\/\/rallyelallana.com\/wp-content\/uploads\/2024\/01\/30-18x7.jpg 18w\" sizes=\"auto, (max-width: 735px) 100vw, 735px\" \/><\/figure>","protected":false},"excerpt":{"rendered":"<p>Despu\u00e9s de una espera de 24 a\u00f1os, el nacional de rallyes volver\u00e1 a las carreteras catalanas del Ripoll\u00e8s, Bergued\u00e0, Garrotxa y Osona.<\/p>","protected":false},"author":2,"featured_media":1343,"comment_status":"closed","ping_status":"closed","sticky":false,"template":"","format":"standard","meta":{"_themeisle_gutenberg_block_has_review":false,"footnotes":""},"categories":[1],"tags":[],"class_list":["post-1342","post","type-post","status-publish","format-standard","has-post-thumbnail","hentry","category-1"],"featured_image_src":"https:\/\/rallyelallana.com\/wp-content\/uploads\/2024\/01\/30.jpg","author_info":{"display_name":"Carles Aluju","author_link":"https:\/\/rallyelallana.com\/es\/author\/caluju\/"},"_links":{"self":[{"href":"https:\/\/rallyelallana.com\/es\/wp-json\/wp\/v2\/posts\/1342","targetHints":{"allow":["GET"]}}],"collection":[{"href":"https:\/\/rallyelallana.com\/es\/wp-json\/wp\/v2\/posts"}],"about":[{"href":"https:\/\/rallyelallana.com\/es\/wp-json\/wp\/v2\/types\/post"}],"author":[{"embeddable":true,"href":"https:\/\/rallyelallana.com\/es\/wp-json\/wp\/v2\/users\/2"}],"replies":[{"embeddable":true,"href":"https:\/\/rallyelallana.com\/es\/wp-json\/wp\/v2\/comments?post=1342"}],"version-history":[{"count":1,"href":"https:\/\/rallyelallana.com\/es\/wp-json\/wp\/v2\/posts\/1342\/revisions"}],"predecessor-version":[{"id":1344,"href":"https:\/\/rallyelallana.com\/es\/wp-json\/wp\/v2\/posts\/1342\/revisions\/1344"}],"wp:featuredmedia":[{"embeddable":true,"href":"https:\/\/rallyelallana.com\/es\/wp-json\/wp\/v2\/media\/1343"}],"wp:attachment":[{"href":"https:\/\/rallyelallana.com\/es\/wp-json\/wp\/v2\/media?parent=1342"}],"wp:term":[{"taxonomy":"category","embeddable":true,"href":"https:\/\/rallyelallana.com\/es\/wp-json\/wp\/v2\/categories?post=1342"},{"taxonomy":"post_tag","embeddable":true,"href":"https:\/\/rallyelallana.com\/es\/wp-json\/wp\/v2\/tags?post=1342"}],"curies":[{"name":"wp","href":"https:\/\/api.w.org\/{rel}","templated":true}]}}